{"id":6262,"date":"2021-11-11T10:00:00","date_gmt":"2021-11-11T09:00:00","guid":{"rendered":"https:\/\/www.kastieljelsava.sk\/rtvs-the-sight-will-be-renovated-from-norwegian-funds\/"},"modified":"2022-11-02T16:49:01","modified_gmt":"2022-11-02T15:49:01","slug":"rtvs-the-sight-will-be-renovated-from-norwegian-funds","status":"publish","type":"post","link":"https:\/\/www.kastieljelsava.sk\/en\/rtvs-the-sight-will-be-renovated-from-norwegian-funds\/","title":{"rendered":"RTVS \u2013 The sight will be renovated from Norwegian funds"},"content":{"rendered":"\n<figure class=\"wp-block-image size-full is-resized\"><a href=\"https:\/\/www.rtvs.sk\/televizia\/archiv\/14026\/295045#1524\" target=\"_blank\" rel=\"noopener\"><img fetchpriority=\"high\" decoding=\"async\" src=\"https:\/\/www.kastieljelsava.sk\/wp-content\/uploads\/2022\/05\/i_6549274.jpg\" alt=\"\" class=\"wp-image-3728\" width=\"900\" height=\"507\" srcset=\"https:\/\/www.kastieljelsava.sk\/wp-content\/uploads\/2022\/05\/i_6549274.jpg 900w, https:\/\/www.kastieljelsava.sk\/wp-content\/uploads\/2022\/05\/i_6549274-768x433.jpg 768w, https:\/\/www.kastieljelsava.sk\/wp-content\/uploads\/2022\/05\/i_6549274-640x361.jpg 640w, https:\/\/www.kastieljelsava.sk\/wp-content\/uploads\/2022\/05\/i_6549274-400x225.jpg 400w, https:\/\/www.kastieljelsava.sk\/wp-content\/uploads\/2022\/05\/i_6549274-367x207.jpg 367w\" sizes=\"(max-width: 900px) 100vw, 900px\" \/><\/a><\/figure>\n","protected":false},"excerpt":{"rendered":"","protected":false},"author":1,"featured_media":5734,"comment_status":"open","ping_status":"closed","sticky":false,"template":"","format":"standard","meta":{"_acf_changed":false,"footnotes":""},"categories":[51],"tags":[],"class_list":["post-6262","post","type-post","status-publish","format-standard","has-post-thumbnail","hentry","category-news"],"acf":[],"featured_image_src":{"landsacpe":["https:\/\/www.kastieljelsava.sk\/wp-content\/uploads\/2021\/11\/RTVS-\u2013-pamiatku-opravia-z-No\u0301rskych-fondov-1024x445.jpg",1024,445,true],"list":["https:\/\/www.kastieljelsava.sk\/wp-content\/uploads\/2021\/11\/RTVS-\u2013-pamiatku-opravia-z-No\u0301rskych-fondov-463x348.jpg",463,348,true],"medium":["https:\/\/www.kastieljelsava.sk\/wp-content\/uploads\/2021\/11\/RTVS-\u2013-pamiatku-opravia-z-No\u0301rskych-fondov-300x200.jpg",300,200,true],"full":["https:\/\/www.kastieljelsava.sk\/wp-content\/uploads\/2021\/11\/RTVS-\u2013-pamiatku-opravia-z-No\u0301rskych-fondov.jpg",1024,683,false]},"yoast_head":"<!-- This site is optimized with the Yoast SEO plugin v24.8.1 - https:\/\/yoast.com\/wordpress\/plugins\/seo\/ -->\n<title>RTVS \u2013 The sight will be renovated from Norwegian funds - Ka\u0161tie\u013e Jel\u0161ava<\/title>\n<meta name=\"robots\" content=\"index, follow, max-snippet:-1, max-image-preview:large, max-video-preview:-1\" \/>\n<link rel=\"canonical\" href=\"https:\/\/www.kastieljelsava.sk\/en\/rtvs-the-sight-will-be-renovated-from-norwegian-funds\/\" \/>\n<meta property=\"og:locale\" content=\"en_US\" \/>\n<meta property=\"og:type\" content=\"article\" \/>\n<meta property=\"og:title\" content=\"RTVS \u2013 The sight will be renovated from Norwegian funds - Ka\u0161tie\u013e Jel\u0161ava\" \/>\n<meta property=\"og:url\" content=\"https:\/\/www.kastieljelsava.sk\/en\/rtvs-the-sight-will-be-renovated-from-norwegian-funds\/\" \/>\n<meta property=\"og:site_name\" content=\"Ka\u0161tie\u013e Jel\u0161ava\" \/>\n<meta property=\"article:published_time\" content=\"2021-11-11T09:00:00+00:00\" \/>\n<meta property=\"article:modified_time\" content=\"2022-11-02T15:49:01+00:00\" \/>\n<meta property=\"og:image\" content=\"https:\/\/www.kastieljelsava.sk\/wp-content\/uploads\/2021\/11\/RTVS-\u2013-pamiatku-opravia-z-No\u0301rskych-fondov.jpg\" \/>\n\t<meta property=\"og:image:width\" content=\"1024\" \/>\n\t<meta property=\"og:image:height\" content=\"683\" \/>\n\t<meta property=\"og:image:type\" content=\"image\/jpeg\" \/>\n<meta name=\"author\" content=\"info@mlynar.org\" \/>\n<meta name=\"twitter:card\" content=\"summary_large_image\" \/>\n<meta name=\"twitter:label1\" content=\"Written by\" \/>\n\t<meta name=\"twitter:data1\" content=\"info@mlynar.org\" \/>\n<script type=\"application\/ld+json\" class=\"yoast-schema-graph\">{\"@context\":\"https:\/\/schema.org\",\"@graph\":[{\"@type\":\"Article\",\"@id\":\"https:\/\/www.kastieljelsava.sk\/en\/rtvs-the-sight-will-be-renovated-from-norwegian-funds\/#article\",\"isPartOf\":{\"@id\":\"https:\/\/www.kastieljelsava.sk\/en\/rtvs-the-sight-will-be-renovated-from-norwegian-funds\/\"},\"author\":{\"name\":\"info@mlynar.org\",\"@id\":\"https:\/\/www.kastieljelsava.sk\/#\/schema\/person\/6428b630e4341bcac25f394845a72aa3\"},\"headline\":\"RTVS \u2013 The sight will be renovated from Norwegian funds\",\"datePublished\":\"2021-11-11T09:00:00+00:00\",\"dateModified\":\"2022-11-02T15:49:01+00:00\",\"mainEntityOfPage\":{\"@id\":\"https:\/\/www.kastieljelsava.sk\/en\/rtvs-the-sight-will-be-renovated-from-norwegian-funds\/\"},\"wordCount\":9,\"commentCount\":0,\"publisher\":{\"@id\":\"https:\/\/www.kastieljelsava.sk\/#organization\"},\"image\":{\"@id\":\"https:\/\/www.kastieljelsava.sk\/en\/rtvs-the-sight-will-be-renovated-from-norwegian-funds\/#primaryimage\"},\"thumbnailUrl\":\"https:\/\/www.kastieljelsava.sk\/wp-content\/uploads\/2021\/11\/RTVS-\u2013-pamiatku-opravia-z-No\u0301rskych-fondov.jpg\",\"articleSection\":[\"News\"],\"inLanguage\":\"en-US\",\"potentialAction\":[{\"@type\":\"CommentAction\",\"name\":\"Comment\",\"target\":[\"https:\/\/www.kastieljelsava.sk\/en\/rtvs-the-sight-will-be-renovated-from-norwegian-funds\/#respond\"]}]},{\"@type\":\"WebPage\",\"@id\":\"https:\/\/www.kastieljelsava.sk\/en\/rtvs-the-sight-will-be-renovated-from-norwegian-funds\/\",\"url\":\"https:\/\/www.kastieljelsava.sk\/en\/rtvs-the-sight-will-be-renovated-from-norwegian-funds\/\",\"name\":\"RTVS \u2013 The sight will be renovated from Norwegian funds - Ka\u0161tie\u013e Jel\u0161ava\",\"isPartOf\":{\"@id\":\"https:\/\/www.kastieljelsava.sk\/#website\"},\"primaryImageOfPage\":{\"@id\":\"https:\/\/www.kastieljelsava.sk\/en\/rtvs-the-sight-will-be-renovated-from-norwegian-funds\/#primaryimage\"},\"image\":{\"@id\":\"https:\/\/www.kastieljelsava.sk\/en\/rtvs-the-sight-will-be-renovated-from-norwegian-funds\/#primaryimage\"},\"thumbnailUrl\":\"https:\/\/www.kastieljelsava.sk\/wp-content\/uploads\/2021\/11\/RTVS-\u2013-pamiatku-opravia-z-No\u0301rskych-fondov.jpg\",\"datePublished\":\"2021-11-11T09:00:00+00:00\",\"dateModified\":\"2022-11-02T15:49:01+00:00\",\"breadcrumb\":{\"@id\":\"https:\/\/www.kastieljelsava.sk\/en\/rtvs-the-sight-will-be-renovated-from-norwegian-funds\/#breadcrumb\"},\"inLanguage\":\"en-US\",\"potentialAction\":[{\"@type\":\"ReadAction\",\"target\":[\"https:\/\/www.kastieljelsava.sk\/en\/rtvs-the-sight-will-be-renovated-from-norwegian-funds\/\"]}]},{\"@type\":\"ImageObject\",\"inLanguage\":\"en-US\",\"@id\":\"https:\/\/www.kastieljelsava.sk\/en\/rtvs-the-sight-will-be-renovated-from-norwegian-funds\/#primaryimage\",\"url\":\"https:\/\/www.kastieljelsava.sk\/wp-content\/uploads\/2021\/11\/RTVS-\u2013-pamiatku-opravia-z-No\u0301rskych-fondov.jpg\",\"contentUrl\":\"https:\/\/www.kastieljelsava.sk\/wp-content\/uploads\/2021\/11\/RTVS-\u2013-pamiatku-opravia-z-No\u0301rskych-fondov.jpg\",\"width\":1024,\"height\":683},{\"@type\":\"BreadcrumbList\",\"@id\":\"https:\/\/www.kastieljelsava.sk\/en\/rtvs-the-sight-will-be-renovated-from-norwegian-funds\/#breadcrumb\",\"itemListElement\":[{\"@type\":\"ListItem\",\"position\":1,\"name\":\"Domovsk\u00e1 str\u00e1nka\",\"item\":\"https:\/\/www.kastieljelsava.sk\/\"},{\"@type\":\"ListItem\",\"position\":2,\"name\":\"RTVS \u2013 The sight will be renovated from Norwegian funds\"}]},{\"@type\":\"WebSite\",\"@id\":\"https:\/\/www.kastieljelsava.sk\/#website\",\"url\":\"https:\/\/www.kastieljelsava.sk\/\",\"name\":\"Ka\u0161tie\u013e Jel\u0161ava\",\"description\":\"\",\"publisher\":{\"@id\":\"https:\/\/www.kastieljelsava.sk\/#organization\"},\"potentialAction\":[{\"@type\":\"SearchAction\",\"target\":{\"@type\":\"EntryPoint\",\"urlTemplate\":\"https:\/\/www.kastieljelsava.sk\/?s={search_term_string}\"},\"query-input\":{\"@type\":\"PropertyValueSpecification\",\"valueRequired\":true,\"valueName\":\"search_term_string\"}}],\"inLanguage\":\"en-US\"},{\"@type\":\"Organization\",\"@id\":\"https:\/\/www.kastieljelsava.sk\/#organization\",\"name\":\"Ka\u0161tie\u013e Jel\u0161ava\",\"url\":\"https:\/\/www.kastieljelsava.sk\/\",\"logo\":{\"@type\":\"ImageObject\",\"inLanguage\":\"en-US\",\"@id\":\"https:\/\/www.kastieljelsava.sk\/#\/schema\/logo\/image\/\",\"url\":\"https:\/\/www.kastieljelsava.sk\/wp-content\/uploads\/2022\/05\/Granty-EHP-a-S\u030cta\u0301tny-rozpoc\u030cet-SR.png\",\"contentUrl\":\"https:\/\/www.kastieljelsava.sk\/wp-content\/uploads\/2022\/05\/Granty-EHP-a-S\u030cta\u0301tny-rozpoc\u030cet-SR.png\",\"width\":900,\"height\":717,\"caption\":\"Ka\u0161tie\u013e Jel\u0161ava\"},\"image\":{\"@id\":\"https:\/\/www.kastieljelsava.sk\/#\/schema\/logo\/image\/\"}},{\"@type\":\"Person\",\"@id\":\"https:\/\/www.kastieljelsava.sk\/#\/schema\/person\/6428b630e4341bcac25f394845a72aa3\",\"name\":\"info@mlynar.org\",\"sameAs\":[\"https:\/\/www.kastieljelsava.sk\"],\"url\":\"https:\/\/www.kastieljelsava.sk\/en\/author\/infomlynar-org\/\"}]}<\/script>\n<!-- \/ Yoast SEO plugin. -->","yoast_head_json":{"title":"RTVS \u2013 The sight will be renovated from Norwegian funds - Ka\u0161tie\u013e Jel\u0161ava","robots":{"index":"index","follow":"follow","max-snippet":"max-snippet:-1","max-image-preview":"max-image-preview:large","max-video-preview":"max-video-preview:-1"},"canonical":"https:\/\/www.kastieljelsava.sk\/en\/rtvs-the-sight-will-be-renovated-from-norwegian-funds\/","og_locale":"en_US","og_type":"article","og_title":"RTVS \u2013 The sight will be renovated from Norwegian funds - Ka\u0161tie\u013e Jel\u0161ava","og_url":"https:\/\/www.kastieljelsava.sk\/en\/rtvs-the-sight-will-be-renovated-from-norwegian-funds\/","og_site_name":"Ka\u0161tie\u013e Jel\u0161ava","article_published_time":"2021-11-11T09:00:00+00:00","article_modified_time":"2022-11-02T15:49:01+00:00","og_image":[{"width":1024,"height":683,"url":"https:\/\/www.kastieljelsava.sk\/wp-content\/uploads\/2021\/11\/RTVS-\u2013-pamiatku-opravia-z-No\u0301rskych-fondov.jpg","type":"image\/jpeg"}],"author":"info@mlynar.org","twitter_card":"summary_large_image","twitter_misc":{"Written by":"info@mlynar.org"},"schema":{"@context":"https:\/\/schema.org","@graph":[{"@type":"Article","@id":"https:\/\/www.kastieljelsava.sk\/en\/rtvs-the-sight-will-be-renovated-from-norwegian-funds\/#article","isPartOf":{"@id":"https:\/\/www.kastieljelsava.sk\/en\/rtvs-the-sight-will-be-renovated-from-norwegian-funds\/"},"author":{"name":"info@mlynar.org","@id":"https:\/\/www.kastieljelsava.sk\/#\/schema\/person\/6428b630e4341bcac25f394845a72aa3"},"headline":"RTVS \u2013 The sight will be renovated from Norwegian funds","datePublished":"2021-11-11T09:00:00+00:00","dateModified":"2022-11-02T15:49:01+00:00","mainEntityOfPage":{"@id":"https:\/\/www.kastieljelsava.sk\/en\/rtvs-the-sight-will-be-renovated-from-norwegian-funds\/"},"wordCount":9,"commentCount":0,"publisher":{"@id":"https:\/\/www.kastieljelsava.sk\/#organization"},"image":{"@id":"https:\/\/www.kastieljelsava.sk\/en\/rtvs-the-sight-will-be-renovated-from-norwegian-funds\/#primaryimage"},"thumbnailUrl":"https:\/\/www.kastieljelsava.sk\/wp-content\/uploads\/2021\/11\/RTVS-\u2013-pamiatku-opravia-z-No\u0301rskych-fondov.jpg","articleSection":["News"],"inLanguage":"en-US","potentialAction":[{"@type":"CommentAction","name":"Comment","target":["https:\/\/www.kastieljelsava.sk\/en\/rtvs-the-sight-will-be-renovated-from-norwegian-funds\/#respond"]}]},{"@type":"WebPage","@id":"https:\/\/www.kastieljelsava.sk\/en\/rtvs-the-sight-will-be-renovated-from-norwegian-funds\/","url":"https:\/\/www.kastieljelsava.sk\/en\/rtvs-the-sight-will-be-renovated-from-norwegian-funds\/","name":"RTVS \u2013 The sight will be renovated from Norwegian funds - Ka\u0161tie\u013e Jel\u0161ava","isPartOf":{"@id":"https:\/\/www.kastieljelsava.sk\/#website"},"primaryImageOfPage":{"@id":"https:\/\/www.kastieljelsava.sk\/en\/rtvs-the-sight-will-be-renovated-from-norwegian-funds\/#primaryimage"},"image":{"@id":"https:\/\/www.kastieljelsava.sk\/en\/rtvs-the-sight-will-be-renovated-from-norwegian-funds\/#primaryimage"},"thumbnailUrl":"https:\/\/www.kastieljelsava.sk\/wp-content\/uploads\/2021\/11\/RTVS-\u2013-pamiatku-opravia-z-No\u0301rskych-fondov.jpg","datePublished":"2021-11-11T09:00:00+00:00","dateModified":"2022-11-02T15:49:01+00:00","breadcrumb":{"@id":"https:\/\/www.kastieljelsava.sk\/en\/rtvs-the-sight-will-be-renovated-from-norwegian-funds\/#breadcrumb"},"inLanguage":"en-US","potentialAction":[{"@type":"ReadAction","target":["https:\/\/www.kastieljelsava.sk\/en\/rtvs-the-sight-will-be-renovated-from-norwegian-funds\/"]}]},{"@type":"ImageObject","inLanguage":"en-US","@id":"https:\/\/www.kastieljelsava.sk\/en\/rtvs-the-sight-will-be-renovated-from-norwegian-funds\/#primaryimage","url":"https:\/\/www.kastieljelsava.sk\/wp-content\/uploads\/2021\/11\/RTVS-\u2013-pamiatku-opravia-z-No\u0301rskych-fondov.jpg","contentUrl":"https:\/\/www.kastieljelsava.sk\/wp-content\/uploads\/2021\/11\/RTVS-\u2013-pamiatku-opravia-z-No\u0301rskych-fondov.jpg","width":1024,"height":683},{"@type":"BreadcrumbList","@id":"https:\/\/www.kastieljelsava.sk\/en\/rtvs-the-sight-will-be-renovated-from-norwegian-funds\/#breadcrumb","itemListElement":[{"@type":"ListItem","position":1,"name":"Domovsk\u00e1 str\u00e1nka","item":"https:\/\/www.kastieljelsava.sk\/"},{"@type":"ListItem","position":2,"name":"RTVS \u2013 The sight will be renovated from Norwegian funds"}]},{"@type":"WebSite","@id":"https:\/\/www.kastieljelsava.sk\/#website","url":"https:\/\/www.kastieljelsava.sk\/","name":"Ka\u0161tie\u013e Jel\u0161ava","description":"","publisher":{"@id":"https:\/\/www.kastieljelsava.sk\/#organization"},"potentialAction":[{"@type":"SearchAction","target":{"@type":"EntryPoint","urlTemplate":"https:\/\/www.kastieljelsava.sk\/?s={search_term_string}"},"query-input":{"@type":"PropertyValueSpecification","valueRequired":true,"valueName":"search_term_string"}}],"inLanguage":"en-US"},{"@type":"Organization","@id":"https:\/\/www.kastieljelsava.sk\/#organization","name":"Ka\u0161tie\u013e Jel\u0161ava","url":"https:\/\/www.kastieljelsava.sk\/","logo":{"@type":"ImageObject","inLanguage":"en-US","@id":"https:\/\/www.kastieljelsava.sk\/#\/schema\/logo\/image\/","url":"https:\/\/www.kastieljelsava.sk\/wp-content\/uploads\/2022\/05\/Granty-EHP-a-S\u030cta\u0301tny-rozpoc\u030cet-SR.png","contentUrl":"https:\/\/www.kastieljelsava.sk\/wp-content\/uploads\/2022\/05\/Granty-EHP-a-S\u030cta\u0301tny-rozpoc\u030cet-SR.png","width":900,"height":717,"caption":"Ka\u0161tie\u013e Jel\u0161ava"},"image":{"@id":"https:\/\/www.kastieljelsava.sk\/#\/schema\/logo\/image\/"}},{"@type":"Person","@id":"https:\/\/www.kastieljelsava.sk\/#\/schema\/person\/6428b630e4341bcac25f394845a72aa3","name":"info@mlynar.org","sameAs":["https:\/\/www.kastieljelsava.sk"],"url":"https:\/\/www.kastieljelsava.sk\/en\/author\/infomlynar-org\/"}]}},"_links":{"self":[{"href":"https:\/\/www.kastieljelsava.sk\/en\/wp-json\/wp\/v2\/posts\/6262","targetHints":{"allow":["GET"]}}],"collection":[{"href":"https:\/\/www.kastieljelsava.sk\/en\/wp-json\/wp\/v2\/posts"}],"about":[{"href":"https:\/\/www.kastieljelsava.sk\/en\/wp-json\/wp\/v2\/types\/post"}],"author":[{"embeddable":true,"href":"https:\/\/www.kastieljelsava.sk\/en\/wp-json\/wp\/v2\/users\/1"}],"replies":[{"embeddable":true,"href":"https:\/\/www.kastieljelsava.sk\/en\/wp-json\/wp\/v2\/comments?post=6262"}],"version-history":[{"count":1,"href":"https:\/\/www.kastieljelsava.sk\/en\/wp-json\/wp\/v2\/posts\/6262\/revisions"}],"predecessor-version":[{"id":6263,"href":"https:\/\/www.kastieljelsava.sk\/en\/wp-json\/wp\/v2\/posts\/6262\/revisions\/6263"}],"wp:featuredmedia":[{"embeddable":true,"href":"https:\/\/www.kastieljelsava.sk\/en\/wp-json\/wp\/v2\/media\/5734"}],"wp:attachment":[{"href":"https:\/\/www.kastieljelsava.sk\/en\/wp-json\/wp\/v2\/media?parent=6262"}],"wp:term":[{"taxonomy":"category","embeddable":true,"href":"https:\/\/www.kastieljelsava.sk\/en\/wp-json\/wp\/v2\/categories?post=6262"},{"taxonomy":"post_tag","embeddable":true,"href":"https:\/\/www.kastieljelsava.sk\/en\/wp-json\/wp\/v2\/tags?post=6262"}],"curies":[{"name":"wp","href":"https:\/\/api.w.org\/{rel}","templated":true}]}}